{"id":1636,"date":"2020-09-28T00:00:00","date_gmt":"2020-09-27T22:00:00","guid":{"rendered":"https:\/\/onepilatesstudio.ch\/2020\/09\/28\/trouver-lequilibre-a-partir-de-la-base\/"},"modified":"2024-10-21T11:31:19","modified_gmt":"2024-10-21T09:31:19","slug":"trouver-lequilibre-a-partir-de-la-base","status":"publish","type":"post","link":"https:\/\/www.onepilatesstudio.ch\/fr\/trouver-lequilibre-a-partir-de-la-base\/","title":{"rendered":"Trouver l\u2019\u00e9quilibre \u00e0 partir de la base"},"content":{"rendered":"<h3 style=\"text-align: center;\">Trouver l\u2019\u00e9quilibre \u00e0 partir de la base<\/h3>\r\n<p>&nbsp;<\/p>\r\n<p><img fetchpriority=\"high\" decoding=\"async\" class=\"aligncenter wp-image-1976 size-full\" src=\"https:\/\/onepilatesstudio.ch\/wp-content\/uploads\/2023\/01\/Pilates-image-artcile-7.webp\" alt=\"\" width=\"225\" height=\"300\" \/><\/p>\r\n<p>&nbsp;<\/p>\r\n<p>Dans la deuxi\u00e8me de ma s\u00e9rie \u00ab Pilates Stories \u00bb, je parle de Pierre, qui a eu une s\u00e9rie de gros accidents, principalement \u00e0 cause d&rsquo;une perte d&rsquo;\u00e9quilibre. Lisez la suite pour voir comment le Pilates a chang\u00e9 sa vie quotidienne.<\/p>\r\n<p>Dans cette deuxi\u00e8me \u00e9dition de \u00ab Pilates Stories \u00bb, je parle de l&rsquo;exp\u00e9rience Pilates de Pierre, pour vous donner une id\u00e9e de ce \u00e0 quoi vous attendre lors de vos trois premiers cours.<\/p>\r\n<p>Chez One Pilates, nous demandons \u00e0 tous les \u00e9tudiants de commencer par 3 cours particuliers, afin que nous puissions \u00e9valuer votre corps et votre posture, mais aussi pour que vous compreniez mieux o\u00f9 nous allons dans votre parcours Pilates. Nous prenons le temps d&rsquo;\u00e9couter vos besoins, de comprendre vos objectifs et de vous pr\u00e9senter les principes du Pilates afin que vous disposiez des bases fondamentales pour vous lancer sur la bonne voie.<\/p>\r\n<p>Pierre est venu me voir alors qu&rsquo;il subissait une s\u00e9rie de gros accidents &#8211; principalement dus \u00e0 une perte d&rsquo;\u00e9quilibre &#8211; alors qu&rsquo;il effectuait ses activit\u00e9s quotidiennes normales.<\/p>\r\n<p>Nous avons travaill\u00e9 sa proprioception et sa stabilit\u00e9, trouv\u00e9 son centre de gravit\u00e9 et r\u00e9align\u00e9 sa hache. Alors, par o\u00f9 avons-nous commenc\u00e9 ? Et bien ses pieds bien s\u00fbr !<\/p>\r\n<p>Il faut repartir sur de bonnes bases ! Pierre n&rsquo;avait pas d&rsquo;articulation des pieds et pas de vo\u00fbte plantaire non plus. Je lui ai montr\u00e9 la merveilleuse s\u00e9rie Feet and Ankle que mon mentor, Lolita San Miguel, aime tant. On a r\u00e9veill\u00e9 ses pieds ! Cette s\u00e9rie est d\u00e9sormais un incontournable quotidien pour Peter, qui pratique d\u00e9sormais les exercices toute la journ\u00e9e \u00e0 son bureau, parce qu&rsquo;il l&rsquo;aime tellement.<\/p>\r\n<p>Nous avons ensuite acc\u00e9d\u00e9 \u00e0 ses jambes et \u00e0 son bassin, les piliers de sa fondation. Nous avons commenc\u00e9 \u00e0 faire prendre conscience de sa fa\u00e7on de se tenir debout et de sa ligne de hache, et cela a commenc\u00e9 son parcours de correction de sa posture et d&rsquo;utilisation de son centre pour se stabiliser. Nous avons pris le temps de nous assurer que Peter comprenait que des exercices correctement ex\u00e9cut\u00e9s fa\u00e7onnent le corps et le mouvement.<\/p>\r\n<p>Les 3 premiers cours de Pierre n\u2019\u00e9taient pas la mani\u00e8re traditionnelle d\u2019enseigner les bases du Pilates, mais notre approche \u00e9tait le moyen le plus efficace pour lui de comprendre le pouvoir du Pilates et comment il pouvait l\u2019aider directement.<\/p>\r\n<p>La vraie preuve est dans les r\u00e9sultats : Pierre a eu beaucoup moins d&rsquo;accidents. Il a plus confiance en lui et en son corps, et se sent enfin connect\u00e9 \u00e0 ses pieds !<\/p>\r\n<p class=\"mm8Nw _1j-51 _1atvN _1FoOD _3M0Fe _2WrB- _1atvN public-DraftStyleDefault-block-depth0 public-DraftStyleDefault-text-ltr\"><\/p>\r\n<p class=\"wp-block-paragraph\">&nbsp;<\/p>\r\n<p id=\"viewer-4kqis\" class=\"mm8Nw _1j-51 _1atvN _1FoOD _3M0Fe _2WrB- _1atvN public-DraftStyleDefault-block-depth0 public-DraftStyleDefault-text-ltr\"><\/p>","protected":false},"excerpt":{"rendered":"<p>Dans le deuxi\u00e8me volet de ma s\u00e9rie \u00ab\u00a0Histoires de Pilates\u00a0\u00bb, je parle de Pierre, qui avait une s\u00e9rie d&rsquo;accidents majeurs, principalement en raison de pertes d&rsquo;\u00e9quilibre. Continuez \u00e0 lire pour voir comment la pratique du Pilates a chang\u00e9 sa vie quotidienne.<\/p>\n","protected":false},"author":1,"featured_media":1976,"comment_status":"closed","ping_status":"closed","sticky":false,"template":"","format":"standard","meta":{"inline_featured_image":false,"site-sidebar-layout":"default","site-content-layout":"","ast-site-content-layout":"default","site-content-style":"default","site-sidebar-style":"default","ast-global-header-display":"","ast-banner-title-visibility":"","ast-main-header-display":"","ast-hfb-above-header-display":"","ast-hfb-below-header-display":"","ast-hfb-mobile-header-display":"","site-post-title":"","ast-breadcrumbs-content":"","ast-featured-img":"disabled","footer-sml-layout":"","theme-transparent-header-meta":"default","adv-header-id-meta":"","stick-header-meta":"","header-above-stick-meta":"","header-main-stick-meta":"","header-below-stick-meta":"","astra-migrate-meta-layouts":"set","ast-page-background-enabled":"default","ast-page-background-meta":{"desktop":{"background-color":"","background-image":"","background-repeat":"repeat","background-position":"center center","background-size":"auto","background-attachment":"scroll","background-type":"","background-media":"","overlay-type":"","overlay-color":"","overlay-opacity":"","overlay-gradient":""},"tablet":{"background-color":"","background-image":"","background-repeat":"repeat","background-position":"center center","background-size":"auto","background-attachment":"scroll","background-type":"","background-media":"","overlay-type":"","overlay-color":"","overlay-opacity":"","overlay-gradient":""},"mobile":{"background-color":"","background-image":"","background-repeat":"repeat","background-position":"center center","background-size":"auto","background-attachment":"scroll","background-type":"","background-media":"","overlay-type":"","overlay-color":"","overlay-opacity":"","overlay-gradient":""}},"ast-content-background-meta":{"desktop":{"background-color":"var(--ast-global-color-5)","background-image":"","background-repeat":"repeat","background-position":"center center","background-size":"auto","background-attachment":"scroll","background-type":"","background-media":"","overlay-type":"","overlay-color":"","overlay-opacity":"","overlay-gradient":""},"tablet":{"background-color":"var(--ast-global-color-5)","background-image":"","background-repeat":"repeat","background-position":"center center","background-size":"auto","background-attachment":"scroll","background-type":"","background-media":"","overlay-type":"","overlay-color":"","overlay-opacity":"","overlay-gradient":""},"mobile":{"background-color":"var(--ast-global-color-5)","background-image":"","background-repeat":"repeat","background-position":"center center","background-size":"auto","background-attachment":"scroll","background-type":"","background-media":"","overlay-type":"","overlay-color":"","overlay-opacity":"","overlay-gradient":""}},"footnotes":""},"categories":[11],"tags":[],"class_list":["post-1636","post","type-post","status-publish","format-standard","has-post-thumbnail","hentry","category-proprioception"],"yoast_head":"<!-- This site is optimized with the Yoast SEO plugin v26.3 - https:\/\/yoast.com\/wordpress\/plugins\/seo\/ -->\n<title>Trouver l\u2019\u00e9quilibre \u00e0 partir de la base - ONE Pilates Studio<\/title>\n<meta name=\"robots\" content=\"index, follow, max-snippet:-1, max-image-preview:large, max-video-preview:-1\" \/>\n<link rel=\"canonical\" href=\"https:\/\/www.onepilatesstudio.ch\/fr\/trouver-lequilibre-a-partir-de-la-base\/\" \/>\n<meta property=\"og:locale\" content=\"fr_FR\" \/>\n<meta property=\"og:type\" content=\"article\" \/>\n<meta property=\"og:title\" content=\"Trouver l\u2019\u00e9quilibre \u00e0 partir de la base - ONE Pilates Studio\" \/>\n<meta property=\"og:description\" content=\"Dans le deuxi\u00e8me volet de ma s\u00e9rie &quot;Histoires de Pilates&quot;, je parle de Pierre, qui avait une s\u00e9rie d&#039;accidents majeurs, principalement en raison de pertes d&#039;\u00e9quilibre. Continuez \u00e0 lire pour voir comment la pratique du Pilates a chang\u00e9 sa vie quotidienne.\" \/>\n<meta property=\"og:url\" content=\"https:\/\/www.onepilatesstudio.ch\/fr\/trouver-lequilibre-a-partir-de-la-base\/\" \/>\n<meta property=\"og:site_name\" content=\"ONE Pilates Studio\" \/>\n<meta property=\"article:published_time\" content=\"2020-09-27T22:00:00+00:00\" \/>\n<meta property=\"article:modified_time\" content=\"2024-10-21T09:31:19+00:00\" \/>\n<meta property=\"og:image\" content=\"https:\/\/www.onepilatesstudio.ch\/wp-content\/uploads\/2023\/01\/Pilates-image-artcile-7.webp\" \/>\n\t<meta property=\"og:image:width\" content=\"225\" \/>\n\t<meta property=\"og:image:height\" content=\"300\" \/>\n\t<meta property=\"og:image:type\" content=\"image\/webp\" \/>\n<meta name=\"author\" content=\"hugo547514758\" \/>\n<meta name=\"twitter:card\" content=\"summary_large_image\" \/>\n<meta name=\"twitter:label1\" content=\"\u00c9crit par\" \/>\n\t<meta name=\"twitter:data1\" content=\"hugo547514758\" \/>\n\t<meta name=\"twitter:label2\" content=\"Dur\u00e9e de lecture estim\u00e9e\" \/>\n\t<meta name=\"twitter:data2\" content=\"3 minutes\" \/>\n<script type=\"application\/ld+json\" class=\"yoast-schema-graph\">{\"@context\":\"https:\/\/schema.org\",\"@graph\":[{\"@type\":\"Article\",\"@id\":\"https:\/\/www.onepilatesstudio.ch\/fr\/trouver-lequilibre-a-partir-de-la-base\/#article\",\"isPartOf\":{\"@id\":\"https:\/\/www.onepilatesstudio.ch\/fr\/trouver-lequilibre-a-partir-de-la-base\/\"},\"author\":{\"name\":\"hugo547514758\",\"@id\":\"https:\/\/www.onepilatesstudio.ch\/fr\/#\/schema\/person\/ea6a786c6aeab7e4b6958a302f39e52d\"},\"headline\":\"Trouver l\u2019\u00e9quilibre \u00e0 partir de la base\",\"datePublished\":\"2020-09-27T22:00:00+00:00\",\"dateModified\":\"2024-10-21T09:31:19+00:00\",\"mainEntityOfPage\":{\"@id\":\"https:\/\/www.onepilatesstudio.ch\/fr\/trouver-lequilibre-a-partir-de-la-base\/\"},\"wordCount\":459,\"publisher\":{\"@id\":\"https:\/\/www.onepilatesstudio.ch\/fr\/#organization\"},\"image\":{\"@id\":\"https:\/\/www.onepilatesstudio.ch\/fr\/trouver-lequilibre-a-partir-de-la-base\/#primaryimage\"},\"thumbnailUrl\":\"https:\/\/www.onepilatesstudio.ch\/wp-content\/uploads\/2023\/01\/Pilates-image-artcile-7.webp\",\"articleSection\":[\"Proprioception\"],\"inLanguage\":\"fr-FR\"},{\"@type\":\"WebPage\",\"@id\":\"https:\/\/www.onepilatesstudio.ch\/fr\/trouver-lequilibre-a-partir-de-la-base\/\",\"url\":\"https:\/\/www.onepilatesstudio.ch\/fr\/trouver-lequilibre-a-partir-de-la-base\/\",\"name\":\"Trouver l\u2019\u00e9quilibre \u00e0 partir de la base - ONE Pilates Studio\",\"isPartOf\":{\"@id\":\"https:\/\/www.onepilatesstudio.ch\/fr\/#website\"},\"primaryImageOfPage\":{\"@id\":\"https:\/\/www.onepilatesstudio.ch\/fr\/trouver-lequilibre-a-partir-de-la-base\/#primaryimage\"},\"image\":{\"@id\":\"https:\/\/www.onepilatesstudio.ch\/fr\/trouver-lequilibre-a-partir-de-la-base\/#primaryimage\"},\"thumbnailUrl\":\"https:\/\/www.onepilatesstudio.ch\/wp-content\/uploads\/2023\/01\/Pilates-image-artcile-7.webp\",\"datePublished\":\"2020-09-27T22:00:00+00:00\",\"dateModified\":\"2024-10-21T09:31:19+00:00\",\"breadcrumb\":{\"@id\":\"https:\/\/www.onepilatesstudio.ch\/fr\/trouver-lequilibre-a-partir-de-la-base\/#breadcrumb\"},\"inLanguage\":\"fr-FR\",\"potentialAction\":[{\"@type\":\"ReadAction\",\"target\":[\"https:\/\/www.onepilatesstudio.ch\/fr\/trouver-lequilibre-a-partir-de-la-base\/\"]}]},{\"@type\":\"ImageObject\",\"inLanguage\":\"fr-FR\",\"@id\":\"https:\/\/www.onepilatesstudio.ch\/fr\/trouver-lequilibre-a-partir-de-la-base\/#primaryimage\",\"url\":\"https:\/\/www.onepilatesstudio.ch\/wp-content\/uploads\/2023\/01\/Pilates-image-artcile-7.webp\",\"contentUrl\":\"https:\/\/www.onepilatesstudio.ch\/wp-content\/uploads\/2023\/01\/Pilates-image-artcile-7.webp\",\"width\":225,\"height\":300},{\"@type\":\"BreadcrumbList\",\"@id\":\"https:\/\/www.onepilatesstudio.ch\/fr\/trouver-lequilibre-a-partir-de-la-base\/#breadcrumb\",\"itemListElement\":[{\"@type\":\"ListItem\",\"position\":1,\"name\":\"Accueil\",\"item\":\"https:\/\/www.onepilatesstudio.ch\/fr\/\"},{\"@type\":\"ListItem\",\"position\":2,\"name\":\"Trouver l\u2019\u00e9quilibre \u00e0 partir de la base\"}]},{\"@type\":\"WebSite\",\"@id\":\"https:\/\/www.onepilatesstudio.ch\/fr\/#website\",\"url\":\"https:\/\/www.onepilatesstudio.ch\/fr\/\",\"name\":\"ONE Pilates Studio\",\"description\":\"\",\"publisher\":{\"@id\":\"https:\/\/www.onepilatesstudio.ch\/fr\/#organization\"},\"potentialAction\":[{\"@type\":\"SearchAction\",\"target\":{\"@type\":\"EntryPoint\",\"urlTemplate\":\"https:\/\/www.onepilatesstudio.ch\/fr\/?s={search_term_string}\"},\"query-input\":{\"@type\":\"PropertyValueSpecification\",\"valueRequired\":true,\"valueName\":\"search_term_string\"}}],\"inLanguage\":\"fr-FR\"},{\"@type\":\"Organization\",\"@id\":\"https:\/\/www.onepilatesstudio.ch\/fr\/#organization\",\"name\":\"ONE Pilates Studio\",\"url\":\"https:\/\/www.onepilatesstudio.ch\/fr\/\",\"logo\":{\"@type\":\"ImageObject\",\"inLanguage\":\"fr-FR\",\"@id\":\"https:\/\/www.onepilatesstudio.ch\/fr\/#\/schema\/logo\/image\/\",\"url\":\"https:\/\/www.onepilatesstudio.ch\/wp-content\/uploads\/2020\/09\/ONE_Logo_gold_SM.png\",\"contentUrl\":\"https:\/\/www.onepilatesstudio.ch\/wp-content\/uploads\/2020\/09\/ONE_Logo_gold_SM.png\",\"width\":512,\"height\":512,\"caption\":\"ONE Pilates Studio\"},\"image\":{\"@id\":\"https:\/\/www.onepilatesstudio.ch\/fr\/#\/schema\/logo\/image\/\"}},{\"@type\":\"Person\",\"@id\":\"https:\/\/www.onepilatesstudio.ch\/fr\/#\/schema\/person\/ea6a786c6aeab7e4b6958a302f39e52d\",\"name\":\"hugo547514758\",\"image\":{\"@type\":\"ImageObject\",\"inLanguage\":\"fr-FR\",\"@id\":\"https:\/\/www.onepilatesstudio.ch\/fr\/#\/schema\/person\/image\/\",\"url\":\"https:\/\/secure.gravatar.com\/avatar\/d87ef4a767937765aeef6e863baf8b342702e7578379f0b771077accda9142b8?s=96&d=mm&r=g\",\"contentUrl\":\"https:\/\/secure.gravatar.com\/avatar\/d87ef4a767937765aeef6e863baf8b342702e7578379f0b771077accda9142b8?s=96&d=mm&r=g\",\"caption\":\"hugo547514758\"},\"sameAs\":[\"https:\/\/onepilatesstudio.ch\"],\"url\":\"https:\/\/www.onepilatesstudio.ch\/fr\/author\/hugo547514758\/\"}]}<\/script>\n<!-- \/ Yoast SEO plugin. -->","yoast_head_json":{"title":"Trouver l\u2019\u00e9quilibre \u00e0 partir de la base - ONE Pilates Studio","robots":{"index":"index","follow":"follow","max-snippet":"max-snippet:-1","max-image-preview":"max-image-preview:large","max-video-preview":"max-video-preview:-1"},"canonical":"https:\/\/www.onepilatesstudio.ch\/fr\/trouver-lequilibre-a-partir-de-la-base\/","og_locale":"fr_FR","og_type":"article","og_title":"Trouver l\u2019\u00e9quilibre \u00e0 partir de la base - ONE Pilates Studio","og_description":"Dans le deuxi\u00e8me volet de ma s\u00e9rie \"Histoires de Pilates\", je parle de Pierre, qui avait une s\u00e9rie d'accidents majeurs, principalement en raison de pertes d'\u00e9quilibre. Continuez \u00e0 lire pour voir comment la pratique du Pilates a chang\u00e9 sa vie quotidienne.","og_url":"https:\/\/www.onepilatesstudio.ch\/fr\/trouver-lequilibre-a-partir-de-la-base\/","og_site_name":"ONE Pilates Studio","article_published_time":"2020-09-27T22:00:00+00:00","article_modified_time":"2024-10-21T09:31:19+00:00","og_image":[{"width":225,"height":300,"url":"https:\/\/www.onepilatesstudio.ch\/wp-content\/uploads\/2023\/01\/Pilates-image-artcile-7.webp","type":"image\/webp"}],"author":"hugo547514758","twitter_card":"summary_large_image","twitter_misc":{"\u00c9crit par":"hugo547514758","Dur\u00e9e de lecture estim\u00e9e":"3 minutes"},"schema":{"@context":"https:\/\/schema.org","@graph":[{"@type":"Article","@id":"https:\/\/www.onepilatesstudio.ch\/fr\/trouver-lequilibre-a-partir-de-la-base\/#article","isPartOf":{"@id":"https:\/\/www.onepilatesstudio.ch\/fr\/trouver-lequilibre-a-partir-de-la-base\/"},"author":{"name":"hugo547514758","@id":"https:\/\/www.onepilatesstudio.ch\/fr\/#\/schema\/person\/ea6a786c6aeab7e4b6958a302f39e52d"},"headline":"Trouver l\u2019\u00e9quilibre \u00e0 partir de la base","datePublished":"2020-09-27T22:00:00+00:00","dateModified":"2024-10-21T09:31:19+00:00","mainEntityOfPage":{"@id":"https:\/\/www.onepilatesstudio.ch\/fr\/trouver-lequilibre-a-partir-de-la-base\/"},"wordCount":459,"publisher":{"@id":"https:\/\/www.onepilatesstudio.ch\/fr\/#organization"},"image":{"@id":"https:\/\/www.onepilatesstudio.ch\/fr\/trouver-lequilibre-a-partir-de-la-base\/#primaryimage"},"thumbnailUrl":"https:\/\/www.onepilatesstudio.ch\/wp-content\/uploads\/2023\/01\/Pilates-image-artcile-7.webp","articleSection":["Proprioception"],"inLanguage":"fr-FR"},{"@type":"WebPage","@id":"https:\/\/www.onepilatesstudio.ch\/fr\/trouver-lequilibre-a-partir-de-la-base\/","url":"https:\/\/www.onepilatesstudio.ch\/fr\/trouver-lequilibre-a-partir-de-la-base\/","name":"Trouver l\u2019\u00e9quilibre \u00e0 partir de la base - ONE Pilates Studio","isPartOf":{"@id":"https:\/\/www.onepilatesstudio.ch\/fr\/#website"},"primaryImageOfPage":{"@id":"https:\/\/www.onepilatesstudio.ch\/fr\/trouver-lequilibre-a-partir-de-la-base\/#primaryimage"},"image":{"@id":"https:\/\/www.onepilatesstudio.ch\/fr\/trouver-lequilibre-a-partir-de-la-base\/#primaryimage"},"thumbnailUrl":"https:\/\/www.onepilatesstudio.ch\/wp-content\/uploads\/2023\/01\/Pilates-image-artcile-7.webp","datePublished":"2020-09-27T22:00:00+00:00","dateModified":"2024-10-21T09:31:19+00:00","breadcrumb":{"@id":"https:\/\/www.onepilatesstudio.ch\/fr\/trouver-lequilibre-a-partir-de-la-base\/#breadcrumb"},"inLanguage":"fr-FR","potentialAction":[{"@type":"ReadAction","target":["https:\/\/www.onepilatesstudio.ch\/fr\/trouver-lequilibre-a-partir-de-la-base\/"]}]},{"@type":"ImageObject","inLanguage":"fr-FR","@id":"https:\/\/www.onepilatesstudio.ch\/fr\/trouver-lequilibre-a-partir-de-la-base\/#primaryimage","url":"https:\/\/www.onepilatesstudio.ch\/wp-content\/uploads\/2023\/01\/Pilates-image-artcile-7.webp","contentUrl":"https:\/\/www.onepilatesstudio.ch\/wp-content\/uploads\/2023\/01\/Pilates-image-artcile-7.webp","width":225,"height":300},{"@type":"BreadcrumbList","@id":"https:\/\/www.onepilatesstudio.ch\/fr\/trouver-lequilibre-a-partir-de-la-base\/#breadcrumb","itemListElement":[{"@type":"ListItem","position":1,"name":"Accueil","item":"https:\/\/www.onepilatesstudio.ch\/fr\/"},{"@type":"ListItem","position":2,"name":"Trouver l\u2019\u00e9quilibre \u00e0 partir de la base"}]},{"@type":"WebSite","@id":"https:\/\/www.onepilatesstudio.ch\/fr\/#website","url":"https:\/\/www.onepilatesstudio.ch\/fr\/","name":"ONE Pilates Studio","description":"","publisher":{"@id":"https:\/\/www.onepilatesstudio.ch\/fr\/#organization"},"potentialAction":[{"@type":"SearchAction","target":{"@type":"EntryPoint","urlTemplate":"https:\/\/www.onepilatesstudio.ch\/fr\/?s={search_term_string}"},"query-input":{"@type":"PropertyValueSpecification","valueRequired":true,"valueName":"search_term_string"}}],"inLanguage":"fr-FR"},{"@type":"Organization","@id":"https:\/\/www.onepilatesstudio.ch\/fr\/#organization","name":"ONE Pilates Studio","url":"https:\/\/www.onepilatesstudio.ch\/fr\/","logo":{"@type":"ImageObject","inLanguage":"fr-FR","@id":"https:\/\/www.onepilatesstudio.ch\/fr\/#\/schema\/logo\/image\/","url":"https:\/\/www.onepilatesstudio.ch\/wp-content\/uploads\/2020\/09\/ONE_Logo_gold_SM.png","contentUrl":"https:\/\/www.onepilatesstudio.ch\/wp-content\/uploads\/2020\/09\/ONE_Logo_gold_SM.png","width":512,"height":512,"caption":"ONE Pilates Studio"},"image":{"@id":"https:\/\/www.onepilatesstudio.ch\/fr\/#\/schema\/logo\/image\/"}},{"@type":"Person","@id":"https:\/\/www.onepilatesstudio.ch\/fr\/#\/schema\/person\/ea6a786c6aeab7e4b6958a302f39e52d","name":"hugo547514758","image":{"@type":"ImageObject","inLanguage":"fr-FR","@id":"https:\/\/www.onepilatesstudio.ch\/fr\/#\/schema\/person\/image\/","url":"https:\/\/secure.gravatar.com\/avatar\/d87ef4a767937765aeef6e863baf8b342702e7578379f0b771077accda9142b8?s=96&d=mm&r=g","contentUrl":"https:\/\/secure.gravatar.com\/avatar\/d87ef4a767937765aeef6e863baf8b342702e7578379f0b771077accda9142b8?s=96&d=mm&r=g","caption":"hugo547514758"},"sameAs":["https:\/\/onepilatesstudio.ch"],"url":"https:\/\/www.onepilatesstudio.ch\/fr\/author\/hugo547514758\/"}]}},"_links":{"self":[{"href":"https:\/\/www.onepilatesstudio.ch\/fr\/wp-json\/wp\/v2\/posts\/1636","targetHints":{"allow":["GET"]}}],"collection":[{"href":"https:\/\/www.onepilatesstudio.ch\/fr\/wp-json\/wp\/v2\/posts"}],"about":[{"href":"https:\/\/www.onepilatesstudio.ch\/fr\/wp-json\/wp\/v2\/types\/post"}],"author":[{"embeddable":true,"href":"https:\/\/www.onepilatesstudio.ch\/fr\/wp-json\/wp\/v2\/users\/1"}],"replies":[{"embeddable":true,"href":"https:\/\/www.onepilatesstudio.ch\/fr\/wp-json\/wp\/v2\/comments?post=1636"}],"version-history":[{"count":0,"href":"https:\/\/www.onepilatesstudio.ch\/fr\/wp-json\/wp\/v2\/posts\/1636\/revisions"}],"wp:featuredmedia":[{"embeddable":true,"href":"https:\/\/www.onepilatesstudio.ch\/fr\/wp-json\/wp\/v2\/media\/1976"}],"wp:attachment":[{"href":"https:\/\/www.onepilatesstudio.ch\/fr\/wp-json\/wp\/v2\/media?parent=1636"}],"wp:term":[{"taxonomy":"category","embeddable":true,"href":"https:\/\/www.onepilatesstudio.ch\/fr\/wp-json\/wp\/v2\/categories?post=1636"},{"taxonomy":"post_tag","embeddable":true,"href":"https:\/\/www.onepilatesstudio.ch\/fr\/wp-json\/wp\/v2\/tags?post=1636"}],"curies":[{"name":"wp","href":"https:\/\/api.w.org\/{rel}","templated":true}]}}