{"id":1641,"date":"2020-09-27T00:00:00","date_gmt":"2020-09-26T22:00:00","guid":{"rendered":"https:\/\/onepilatesstudio.ch\/2020\/09\/27\/trouver-la-bonne-adequation-entre-votre-professeur-de-pilates-et-vous\/"},"modified":"2024-10-21T11:34:37","modified_gmt":"2024-10-21T09:34:37","slug":"trouver-la-bonne-adequation-entre-votre-professeur-de-pilates-et-vous","status":"publish","type":"post","link":"https:\/\/www.onepilatesstudio.ch\/fr\/trouver-la-bonne-adequation-entre-votre-professeur-de-pilates-et-vous\/","title":{"rendered":"Trouver la bonne ad\u00e9quation entre votre professeur de Pilates et vous"},"content":{"rendered":"\r\n<figure class=\"wp-block-gallery has-nested-images columns-default is-cropped wp-block-gallery-1 is-layout-flex wp-block-gallery-is-layout-flex\">\r\n<h3 class=\"wp-block-image size-large\" style=\"text-align: center;\">Trouver la bonne ad\u00e9quation entre votre professeur de Pilates et vous<\/h3>\r\n<p>&nbsp;<\/p>\r\n<p><img fetchpriority=\"high\" decoding=\"async\" data-id=\"11663\" class=\"size-full wp-image-2654 aligncenter\" src=\"https:\/\/onepilatesstudio.ch\/wp-content\/uploads\/2023\/12\/Formation.webp\" alt=\"\" width=\"925\" height=\"694\" srcset=\"https:\/\/www.onepilatesstudio.ch\/wp-content\/uploads\/2023\/12\/Formation.webp 925w, https:\/\/www.onepilatesstudio.ch\/wp-content\/uploads\/2023\/12\/Formation-300x225.webp 300w, https:\/\/www.onepilatesstudio.ch\/wp-content\/uploads\/2023\/12\/Formation-768x576.webp 768w\" sizes=\"(max-width: 925px) 100vw, 925px\" \/><\/p>\r\n<p>&nbsp;<\/p>\r\n<\/figure>\r\n\r\n\r\n\r\n<p class=\"wp-block-paragraph\" id=\"viewer-cnnbn\"><strong>Trouver la bonne connexion \u00e9l\u00e8ve-enseignant est aussi important que trouver la connexion corps-esprit dans le Pilates.<\/strong><\/p>\r\n\r\n\r\n\r\n<p class=\"wp-block-paragraph\" id=\"viewer-ehv35\">Je suivais des cours de Pilates depuis 6 ans et j&rsquo;avais appris les m\u00e9canismes du Pilates et je pensais que c&rsquo;\u00e9tait tr\u00e8s amusant, mais aucun de mes professeurs ne pouvait expliquer pourquoi, apr\u00e8s tant d&rsquo;ann\u00e9es, je n&rsquo;arrivais toujours pas \u00e0 faire un roll up. Certains ont dit que c&rsquo;\u00e9tait parce que j&rsquo;avais un psoas serr\u00e9, d&rsquo;autres ont dit que c&rsquo;\u00e9tait mes proportions corporelles, j&rsquo;avais ceci, ou j&rsquo;avais cela &#8211; et aucune de ces explications ne me semblait logique ni coh\u00e9rente !<\/p>\r\n\r\n\r\n\r\n<p class=\"wp-block-paragraph\">&nbsp;<\/p>\r\n\r\n\r\n\r\n<p class=\"wp-block-paragraph\" id=\"viewer-9sbm\">Ne vous m\u00e9prenez pas, je ne dis pas qu\u2019ils \u00e9taient de mauvais professeurs. C\u2019est juste que je n\u2019avais pas encore eu ce moment \u00ab aha \u00bb o\u00f9 j\u2019ai trouv\u00e9 cette connexion interne dans ce mouvement. J\u2019\u00e9tais aussi frustr\u00e9 par le manque de progression \u2013 6 ans de pratique des exercices Pilates et je n\u2019arrivais pas \u00e0 faire un roll up ? J\u2019avais le sentiment tenace qu\u2019il y avait plus et que je ne faisais qu\u2019effleurer la surface. Au d\u00e9part, j&rsquo;ai d\u00e9cid\u00e9 de suivre une formation de professeur de Pilates &#8211; parce que je voulais avoir une compr\u00e9hension plus profonde de mon propre corps.<\/p>\r\n\r\n\r\n\r\n<p class=\"wp-block-paragraph\">&nbsp;<\/p>\r\n\r\n\r\n\r\n<p class=\"wp-block-paragraph\" id=\"viewer-8b3p\">Quand j\u2019ai commenc\u00e9 \u00e0 pratiquer le Pilates, je ne savais m\u00eame pas que le Pilates \u00e9tait une personne et encore moins que son nom n\u2019\u00e9tait pas brevet\u00e9, et \u00e0 quel point il existait une grande diff\u00e9rence dans la qualit\u00e9 et les styles d\u2019enseignement du Pilates.<\/p>\r\n\r\n\r\n\r\n<p class=\"wp-block-paragraph\">&nbsp;<\/p>\r\n\r\n\r\n\r\n<p class=\"wp-block-paragraph\" id=\"viewer-8fqbs\">Bien s\u00fbr, maintenant que j&rsquo;ai fait de nombreuses formations compl\u00e9mentaires en Europe et aux \u00c9tats-Unis et que je continue \u00e0 perfectionner ma formation, il n&rsquo;en demeure pas moins qu&rsquo;en Suisse, n&rsquo;importe qui peut passer une certification le week-end et s&rsquo;\u00e9tablir comme instructeur de Pilates, enti\u00e8rement couvert par une assurance. . Je crois qu\u2019un professeur ayant une bonne formation en Pilates peut faire ou d\u00e9faire l\u2019exp\u00e9rience d\u2019un \u00e9l\u00e8ve. Je suppose que c&rsquo;est comme apprendre n&rsquo;importe quoi quand on est enfant ou trouver le bon coiffeur, il faut du temps pour trouver le bon sujet ou la bonne personne qui vous touche personnellement, et c&rsquo;est le lien que j&rsquo;esp\u00e8re \u00e9tablir lorsque j&rsquo;enseigne \u00e0 mes \u00e9l\u00e8ves.<\/p>\r\n\r\n\r\n\r\n<p class=\"wp-block-paragraph\">&nbsp;<\/p>\r\n\r\n\r\n\r\n<p class=\"wp-block-paragraph\" id=\"viewer-cfv30\">Il est important que vous ayez le bon ressenti avec votre professeur de Pilates. Ils sont l\u00e0 pour prendre soin de vous et de votre corps et vous accompagner dans la d\u00e9couverte de votre corps.<\/p>\r\n\r\n\r\n\r\n<p class=\"wp-block-paragraph\">&nbsp;<\/p>\r\n\r\n\r\n\r\n<p class=\"wp-block-paragraph\">\u00c0 l&rsquo;Institut Pilates de Gen\u00e8ve (maintenant Fitspro), j&rsquo;ai commenc\u00e9 ma qualification de travail sur tapis avec Iva Mazzoleni, ce qui m&rsquo;a conduit \u00e0 un mentorat Lolita&rsquo;s Legacy de 18 mois au cours duquel j&rsquo;ai commenc\u00e9 \u00e0 \u00e9tablir ces connexions mentales vitales qui me manquaient. J&rsquo;ai commenc\u00e9 \u00e0 appr\u00e9cier la profondeur de la m\u00e9thode Pilates, que je n&rsquo;avais jusqu&rsquo;alors exp\u00e9riment\u00e9e que sous forme d&rsquo;une s\u00e9rie d&rsquo;exercices.<\/p>\r\n\r\n\r\n\r\n<p class=\"wp-block-paragraph\">Mon mentorat m\u2019a conduit \u00e0 \u00e9tudier en Floride avec Lolita San Miguel, la fondatrice de Lolita\u2019s Legacy. Elle s\u2019est form\u00e9e directement avec Joseph Pilates et je suis ainsi entr\u00e9 dans la lign\u00e9e directe de l\u2019enseignement du Pilates.<\/p>\r\n\r\n\r\n\r\n<p class=\"wp-block-paragraph\">&nbsp;<\/p>\r\n\r\n\r\n\r\n<p class=\"wp-block-paragraph\" id=\"viewer-532kf\">Passionn\u00e9 de Pilates et extr\u00eamement curieux, j&rsquo;ai \u00e9galement continu\u00e9 \u00e0 approfondir mes connaissances des techniques d&rsquo;entra\u00eenement aupr\u00e8s d&rsquo;autres ma\u00eetres formateurs internationaux: Pilates Elder &#8211; Mary Bowen, Michael Fritze, Ton Voogt, Blossom Leilani Crawford, Kathy Corey, MeJo Wiggin, Deborah Lessen, Brett Howard, Alan Herdman, Anthony Lett, Madeline Black, Wendy LeBlanc-Arbuckle et Philip Taupin.<\/p>\r\n\r\n\r\n\r\n<p class=\"wp-block-paragraph\">&nbsp;<\/p>\r\n\r\n\r\n\r\n<p class=\"wp-block-paragraph\" id=\"viewer-7gmcg\">Gr\u00e2ce \u00e0 ces ma\u00eetres enseignants, j&rsquo;ai appris en profondeur le cancer du sein et sa gu\u00e9rison, le Pilates et les enfants, l&rsquo;utilisation des Spiraldynamiks et la fonctionnalit\u00e9 du Pilates, la lutte contre les d\u00e9s\u00e9quilibres musculaires et la scoliose et comment am\u00e9liorer l&rsquo;avantage athl\u00e9tique avec le Pilates.<\/p>\r\n\r\n\r\n\r\n<p class=\"wp-block-paragraph\">&nbsp;<\/p>\r\n\r\n\r\n\r\n<p class=\"wp-block-paragraph\" id=\"viewer-37m72\">Lorsque j&rsquo;enseigne \u00e0 mes \u00e9l\u00e8ves, je me souviens constamment que m\u00eame s&rsquo;ils sont sur le m\u00eame chemin de d\u00e9couverte, ils seront venus de points de d\u00e9part diff\u00e9rents et finiront par avoir leur propre destination.<\/p>\r\n\r\n\r\n\r\n<p class=\"wp-block-paragraph\">&nbsp;<\/p>\r\n\r\n\r\n\r\n<p class=\"wp-block-paragraph\" id=\"viewer-2fufa\">Je serais int\u00e9ress\u00e9 de conna\u00eetre vos diff\u00e9rentes exp\u00e9riences de formation de professeur Pilates, les bonnes, les mauvaises et les truandes !<\/p>\r\n\r\n\r\n\r\n<p class=\"wp-block-paragraph\">&nbsp;<\/p>\r\n\r\n\r\n\r\n<p class=\"wp-block-paragraph\" id=\"viewer-l5a7\">\u00c9coutez ce que j\u2019ai \u00e0 dire sur mon exp\u00e9rience d\u2019apprentissage aupr\u00e8s de \u00ab l\u2019a\u00een\u00e9e Pilates \u00bb Lolita San Miguel\u00a0:<\/p>\r\n<p>&nbsp;<\/p>\r\n\r\n\r\n\r\n<figure class=\"wp-block-embed is-type-video is-provider-youtube wp-block-embed-youtube wp-embed-aspect-16-9 wp-has-aspect-ratio\">\r\n<div class=\"wp-block-embed__wrapper\">https:\/\/youtu.be\/IQKh1rX6ATI<\/div>\r\n<\/figure>\r\n","protected":false},"excerpt":{"rendered":"<p>Trouver la bonne connexion \u00e9l\u00e8ve-enseignant est aussi important que de trouver la connexion corps-esprit en Pilates.<\/p>\n","protected":false},"author":1,"featured_media":1973,"comment_status":"closed","ping_status":"closed","sticky":false,"template":"","format":"standard","meta":{"inline_featured_image":false,"site-sidebar-layout":"default","site-content-layout":"","ast-site-content-layout":"default","site-content-style":"default","site-sidebar-style":"default","ast-global-header-display":"","ast-banner-title-visibility":"","ast-main-header-display":"","ast-hfb-above-header-display":"","ast-hfb-below-header-display":"","ast-hfb-mobile-header-display":"","site-post-title":"","ast-breadcrumbs-content":"","ast-featured-img":"disabled","footer-sml-layout":"","theme-transparent-header-meta":"default","adv-header-id-meta":"","stick-header-meta":"","header-above-stick-meta":"","header-main-stick-meta":"","header-below-stick-meta":"","astra-migrate-meta-layouts":"set","ast-page-background-enabled":"default","ast-page-background-meta":{"desktop":{"background-color":"","background-image":"","background-repeat":"repeat","background-position":"center center","background-size":"auto","background-attachment":"scroll","background-type":"","background-media":"","overlay-type":"","overlay-color":"","overlay-opacity":"","overlay-gradient":""},"tablet":{"background-color":"","background-image":"","background-repeat":"repeat","background-position":"center center","background-size":"auto","background-attachment":"scroll","background-type":"","background-media":"","overlay-type":"","overlay-color":"","overlay-opacity":"","overlay-gradient":""},"mobile":{"background-color":"","background-image":"","background-repeat":"repeat","background-position":"center center","background-size":"auto","background-attachment":"scroll","background-type":"","background-media":"","overlay-type":"","overlay-color":"","overlay-opacity":"","overlay-gradient":""}},"ast-content-background-meta":{"desktop":{"background-color":"var(--ast-global-color-5)","background-image":"","background-repeat":"repeat","background-position":"center center","background-size":"auto","background-attachment":"scroll","background-type":"","background-media":"","overlay-type":"","overlay-color":"","overlay-opacity":"","overlay-gradient":""},"tablet":{"background-color":"var(--ast-global-color-5)","background-image":"","background-repeat":"repeat","background-position":"center center","background-size":"auto","background-attachment":"scroll","background-type":"","background-media":"","overlay-type":"","overlay-color":"","overlay-opacity":"","overlay-gradient":""},"mobile":{"background-color":"var(--ast-global-color-5)","background-image":"","background-repeat":"repeat","background-position":"center center","background-size":"auto","background-attachment":"scroll","background-type":"","background-media":"","overlay-type":"","overlay-color":"","overlay-opacity":"","overlay-gradient":""}},"footnotes":""},"categories":[8],"tags":[],"class_list":["post-1641","post","type-post","status-publish","format-standard","has-post-thumbnail","hentry","category-non-classifiee"],"yoast_head":"<!-- This site is optimized with the Yoast SEO plugin v26.3 - https:\/\/yoast.com\/wordpress\/plugins\/seo\/ -->\n<title>Trouver la bonne ad\u00e9quation entre votre professeur de Pilates et vous - ONE Pilates Studio<\/title>\n<meta name=\"robots\" content=\"index, follow, max-snippet:-1, max-image-preview:large, max-video-preview:-1\" \/>\n<link rel=\"canonical\" href=\"https:\/\/www.onepilatesstudio.ch\/fr\/trouver-la-bonne-adequation-entre-votre-professeur-de-pilates-et-vous\/\" \/>\n<meta property=\"og:locale\" content=\"fr_FR\" \/>\n<meta property=\"og:type\" content=\"article\" \/>\n<meta property=\"og:title\" content=\"Trouver la bonne ad\u00e9quation entre votre professeur de Pilates et vous - ONE Pilates Studio\" \/>\n<meta property=\"og:description\" content=\"Trouver la bonne connexion \u00e9l\u00e8ve-enseignant est aussi important que de trouver la connexion corps-esprit en Pilates.\" \/>\n<meta property=\"og:url\" content=\"https:\/\/www.onepilatesstudio.ch\/fr\/trouver-la-bonne-adequation-entre-votre-professeur-de-pilates-et-vous\/\" \/>\n<meta property=\"og:site_name\" content=\"ONE Pilates Studio\" \/>\n<meta property=\"article:published_time\" content=\"2020-09-26T22:00:00+00:00\" \/>\n<meta property=\"article:modified_time\" content=\"2024-10-21T09:34:37+00:00\" \/>\n<meta property=\"og:image\" content=\"https:\/\/www.onepilatesstudio.ch\/wp-content\/uploads\/2023\/01\/Pilates-image-artcile-4.webp\" \/>\n\t<meta property=\"og:image:width\" content=\"925\" \/>\n\t<meta property=\"og:image:height\" content=\"694\" \/>\n\t<meta property=\"og:image:type\" content=\"image\/webp\" \/>\n<meta name=\"author\" content=\"hugo547514758\" \/>\n<meta name=\"twitter:card\" content=\"summary_large_image\" \/>\n<meta name=\"twitter:label1\" content=\"\u00c9crit par\" \/>\n\t<meta name=\"twitter:data1\" content=\"hugo547514758\" \/>\n\t<meta name=\"twitter:label2\" content=\"Dur\u00e9e de lecture estim\u00e9e\" \/>\n\t<meta name=\"twitter:data2\" content=\"4 minutes\" \/>\n<script type=\"application\/ld+json\" class=\"yoast-schema-graph\">{\"@context\":\"https:\/\/schema.org\",\"@graph\":[{\"@type\":\"Article\",\"@id\":\"https:\/\/www.onepilatesstudio.ch\/fr\/trouver-la-bonne-adequation-entre-votre-professeur-de-pilates-et-vous\/#article\",\"isPartOf\":{\"@id\":\"https:\/\/www.onepilatesstudio.ch\/fr\/trouver-la-bonne-adequation-entre-votre-professeur-de-pilates-et-vous\/\"},\"author\":{\"name\":\"hugo547514758\",\"@id\":\"https:\/\/www.onepilatesstudio.ch\/fr\/#\/schema\/person\/ea6a786c6aeab7e4b6958a302f39e52d\"},\"headline\":\"Trouver la bonne ad\u00e9quation entre votre professeur de Pilates et vous\",\"datePublished\":\"2020-09-26T22:00:00+00:00\",\"dateModified\":\"2024-10-21T09:34:37+00:00\",\"mainEntityOfPage\":{\"@id\":\"https:\/\/www.onepilatesstudio.ch\/fr\/trouver-la-bonne-adequation-entre-votre-professeur-de-pilates-et-vous\/\"},\"wordCount\":798,\"publisher\":{\"@id\":\"https:\/\/www.onepilatesstudio.ch\/fr\/#organization\"},\"image\":{\"@id\":\"https:\/\/www.onepilatesstudio.ch\/fr\/trouver-la-bonne-adequation-entre-votre-professeur-de-pilates-et-vous\/#primaryimage\"},\"thumbnailUrl\":\"https:\/\/www.onepilatesstudio.ch\/wp-content\/uploads\/2023\/01\/Pilates-image-artcile-4.webp\",\"articleSection\":[\"Non classifi\u00e9(e)\"],\"inLanguage\":\"fr-FR\"},{\"@type\":\"WebPage\",\"@id\":\"https:\/\/www.onepilatesstudio.ch\/fr\/trouver-la-bonne-adequation-entre-votre-professeur-de-pilates-et-vous\/\",\"url\":\"https:\/\/www.onepilatesstudio.ch\/fr\/trouver-la-bonne-adequation-entre-votre-professeur-de-pilates-et-vous\/\",\"name\":\"Trouver la bonne ad\u00e9quation entre votre professeur de Pilates et vous - ONE Pilates Studio\",\"isPartOf\":{\"@id\":\"https:\/\/www.onepilatesstudio.ch\/fr\/#website\"},\"primaryImageOfPage\":{\"@id\":\"https:\/\/www.onepilatesstudio.ch\/fr\/trouver-la-bonne-adequation-entre-votre-professeur-de-pilates-et-vous\/#primaryimage\"},\"image\":{\"@id\":\"https:\/\/www.onepilatesstudio.ch\/fr\/trouver-la-bonne-adequation-entre-votre-professeur-de-pilates-et-vous\/#primaryimage\"},\"thumbnailUrl\":\"https:\/\/www.onepilatesstudio.ch\/wp-content\/uploads\/2023\/01\/Pilates-image-artcile-4.webp\",\"datePublished\":\"2020-09-26T22:00:00+00:00\",\"dateModified\":\"2024-10-21T09:34:37+00:00\",\"breadcrumb\":{\"@id\":\"https:\/\/www.onepilatesstudio.ch\/fr\/trouver-la-bonne-adequation-entre-votre-professeur-de-pilates-et-vous\/#breadcrumb\"},\"inLanguage\":\"fr-FR\",\"potentialAction\":[{\"@type\":\"ReadAction\",\"target\":[\"https:\/\/www.onepilatesstudio.ch\/fr\/trouver-la-bonne-adequation-entre-votre-professeur-de-pilates-et-vous\/\"]}]},{\"@type\":\"ImageObject\",\"inLanguage\":\"fr-FR\",\"@id\":\"https:\/\/www.onepilatesstudio.ch\/fr\/trouver-la-bonne-adequation-entre-votre-professeur-de-pilates-et-vous\/#primaryimage\",\"url\":\"https:\/\/www.onepilatesstudio.ch\/wp-content\/uploads\/2023\/01\/Pilates-image-artcile-4.webp\",\"contentUrl\":\"https:\/\/www.onepilatesstudio.ch\/wp-content\/uploads\/2023\/01\/Pilates-image-artcile-4.webp\",\"width\":925,\"height\":694},{\"@type\":\"BreadcrumbList\",\"@id\":\"https:\/\/www.onepilatesstudio.ch\/fr\/trouver-la-bonne-adequation-entre-votre-professeur-de-pilates-et-vous\/#breadcrumb\",\"itemListElement\":[{\"@type\":\"ListItem\",\"position\":1,\"name\":\"Accueil\",\"item\":\"https:\/\/www.onepilatesstudio.ch\/fr\/\"},{\"@type\":\"ListItem\",\"position\":2,\"name\":\"Trouver la bonne ad\u00e9quation entre votre professeur de Pilates et vous\"}]},{\"@type\":\"WebSite\",\"@id\":\"https:\/\/www.onepilatesstudio.ch\/fr\/#website\",\"url\":\"https:\/\/www.onepilatesstudio.ch\/fr\/\",\"name\":\"ONE Pilates Studio\",\"description\":\"\",\"publisher\":{\"@id\":\"https:\/\/www.onepilatesstudio.ch\/fr\/#organization\"},\"potentialAction\":[{\"@type\":\"SearchAction\",\"target\":{\"@type\":\"EntryPoint\",\"urlTemplate\":\"https:\/\/www.onepilatesstudio.ch\/fr\/?s={search_term_string}\"},\"query-input\":{\"@type\":\"PropertyValueSpecification\",\"valueRequired\":true,\"valueName\":\"search_term_string\"}}],\"inLanguage\":\"fr-FR\"},{\"@type\":\"Organization\",\"@id\":\"https:\/\/www.onepilatesstudio.ch\/fr\/#organization\",\"name\":\"ONE Pilates Studio\",\"url\":\"https:\/\/www.onepilatesstudio.ch\/fr\/\",\"logo\":{\"@type\":\"ImageObject\",\"inLanguage\":\"fr-FR\",\"@id\":\"https:\/\/www.onepilatesstudio.ch\/fr\/#\/schema\/logo\/image\/\",\"url\":\"https:\/\/www.onepilatesstudio.ch\/wp-content\/uploads\/2020\/09\/ONE_Logo_gold_SM.png\",\"contentUrl\":\"https:\/\/www.onepilatesstudio.ch\/wp-content\/uploads\/2020\/09\/ONE_Logo_gold_SM.png\",\"width\":512,\"height\":512,\"caption\":\"ONE Pilates Studio\"},\"image\":{\"@id\":\"https:\/\/www.onepilatesstudio.ch\/fr\/#\/schema\/logo\/image\/\"}},{\"@type\":\"Person\",\"@id\":\"https:\/\/www.onepilatesstudio.ch\/fr\/#\/schema\/person\/ea6a786c6aeab7e4b6958a302f39e52d\",\"name\":\"hugo547514758\",\"image\":{\"@type\":\"ImageObject\",\"inLanguage\":\"fr-FR\",\"@id\":\"https:\/\/www.onepilatesstudio.ch\/fr\/#\/schema\/person\/image\/\",\"url\":\"https:\/\/secure.gravatar.com\/avatar\/d87ef4a767937765aeef6e863baf8b342702e7578379f0b771077accda9142b8?s=96&d=mm&r=g\",\"contentUrl\":\"https:\/\/secure.gravatar.com\/avatar\/d87ef4a767937765aeef6e863baf8b342702e7578379f0b771077accda9142b8?s=96&d=mm&r=g\",\"caption\":\"hugo547514758\"},\"sameAs\":[\"https:\/\/onepilatesstudio.ch\"],\"url\":\"https:\/\/www.onepilatesstudio.ch\/fr\/author\/hugo547514758\/\"}]}<\/script>\n<!-- \/ Yoast SEO plugin. -->","yoast_head_json":{"title":"Trouver la bonne ad\u00e9quation entre votre professeur de Pilates et vous - ONE Pilates Studio","robots":{"index":"index","follow":"follow","max-snippet":"max-snippet:-1","max-image-preview":"max-image-preview:large","max-video-preview":"max-video-preview:-1"},"canonical":"https:\/\/www.onepilatesstudio.ch\/fr\/trouver-la-bonne-adequation-entre-votre-professeur-de-pilates-et-vous\/","og_locale":"fr_FR","og_type":"article","og_title":"Trouver la bonne ad\u00e9quation entre votre professeur de Pilates et vous - ONE Pilates Studio","og_description":"Trouver la bonne connexion \u00e9l\u00e8ve-enseignant est aussi important que de trouver la connexion corps-esprit en Pilates.","og_url":"https:\/\/www.onepilatesstudio.ch\/fr\/trouver-la-bonne-adequation-entre-votre-professeur-de-pilates-et-vous\/","og_site_name":"ONE Pilates Studio","article_published_time":"2020-09-26T22:00:00+00:00","article_modified_time":"2024-10-21T09:34:37+00:00","og_image":[{"width":925,"height":694,"url":"https:\/\/www.onepilatesstudio.ch\/wp-content\/uploads\/2023\/01\/Pilates-image-artcile-4.webp","type":"image\/webp"}],"author":"hugo547514758","twitter_card":"summary_large_image","twitter_misc":{"\u00c9crit par":"hugo547514758","Dur\u00e9e de lecture estim\u00e9e":"4 minutes"},"schema":{"@context":"https:\/\/schema.org","@graph":[{"@type":"Article","@id":"https:\/\/www.onepilatesstudio.ch\/fr\/trouver-la-bonne-adequation-entre-votre-professeur-de-pilates-et-vous\/#article","isPartOf":{"@id":"https:\/\/www.onepilatesstudio.ch\/fr\/trouver-la-bonne-adequation-entre-votre-professeur-de-pilates-et-vous\/"},"author":{"name":"hugo547514758","@id":"https:\/\/www.onepilatesstudio.ch\/fr\/#\/schema\/person\/ea6a786c6aeab7e4b6958a302f39e52d"},"headline":"Trouver la bonne ad\u00e9quation entre votre professeur de Pilates et vous","datePublished":"2020-09-26T22:00:00+00:00","dateModified":"2024-10-21T09:34:37+00:00","mainEntityOfPage":{"@id":"https:\/\/www.onepilatesstudio.ch\/fr\/trouver-la-bonne-adequation-entre-votre-professeur-de-pilates-et-vous\/"},"wordCount":798,"publisher":{"@id":"https:\/\/www.onepilatesstudio.ch\/fr\/#organization"},"image":{"@id":"https:\/\/www.onepilatesstudio.ch\/fr\/trouver-la-bonne-adequation-entre-votre-professeur-de-pilates-et-vous\/#primaryimage"},"thumbnailUrl":"https:\/\/www.onepilatesstudio.ch\/wp-content\/uploads\/2023\/01\/Pilates-image-artcile-4.webp","articleSection":["Non classifi\u00e9(e)"],"inLanguage":"fr-FR"},{"@type":"WebPage","@id":"https:\/\/www.onepilatesstudio.ch\/fr\/trouver-la-bonne-adequation-entre-votre-professeur-de-pilates-et-vous\/","url":"https:\/\/www.onepilatesstudio.ch\/fr\/trouver-la-bonne-adequation-entre-votre-professeur-de-pilates-et-vous\/","name":"Trouver la bonne ad\u00e9quation entre votre professeur de Pilates et vous - ONE Pilates Studio","isPartOf":{"@id":"https:\/\/www.onepilatesstudio.ch\/fr\/#website"},"primaryImageOfPage":{"@id":"https:\/\/www.onepilatesstudio.ch\/fr\/trouver-la-bonne-adequation-entre-votre-professeur-de-pilates-et-vous\/#primaryimage"},"image":{"@id":"https:\/\/www.onepilatesstudio.ch\/fr\/trouver-la-bonne-adequation-entre-votre-professeur-de-pilates-et-vous\/#primaryimage"},"thumbnailUrl":"https:\/\/www.onepilatesstudio.ch\/wp-content\/uploads\/2023\/01\/Pilates-image-artcile-4.webp","datePublished":"2020-09-26T22:00:00+00:00","dateModified":"2024-10-21T09:34:37+00:00","breadcrumb":{"@id":"https:\/\/www.onepilatesstudio.ch\/fr\/trouver-la-bonne-adequation-entre-votre-professeur-de-pilates-et-vous\/#breadcrumb"},"inLanguage":"fr-FR","potentialAction":[{"@type":"ReadAction","target":["https:\/\/www.onepilatesstudio.ch\/fr\/trouver-la-bonne-adequation-entre-votre-professeur-de-pilates-et-vous\/"]}]},{"@type":"ImageObject","inLanguage":"fr-FR","@id":"https:\/\/www.onepilatesstudio.ch\/fr\/trouver-la-bonne-adequation-entre-votre-professeur-de-pilates-et-vous\/#primaryimage","url":"https:\/\/www.onepilatesstudio.ch\/wp-content\/uploads\/2023\/01\/Pilates-image-artcile-4.webp","contentUrl":"https:\/\/www.onepilatesstudio.ch\/wp-content\/uploads\/2023\/01\/Pilates-image-artcile-4.webp","width":925,"height":694},{"@type":"BreadcrumbList","@id":"https:\/\/www.onepilatesstudio.ch\/fr\/trouver-la-bonne-adequation-entre-votre-professeur-de-pilates-et-vous\/#breadcrumb","itemListElement":[{"@type":"ListItem","position":1,"name":"Accueil","item":"https:\/\/www.onepilatesstudio.ch\/fr\/"},{"@type":"ListItem","position":2,"name":"Trouver la bonne ad\u00e9quation entre votre professeur de Pilates et vous"}]},{"@type":"WebSite","@id":"https:\/\/www.onepilatesstudio.ch\/fr\/#website","url":"https:\/\/www.onepilatesstudio.ch\/fr\/","name":"ONE Pilates Studio","description":"","publisher":{"@id":"https:\/\/www.onepilatesstudio.ch\/fr\/#organization"},"potentialAction":[{"@type":"SearchAction","target":{"@type":"EntryPoint","urlTemplate":"https:\/\/www.onepilatesstudio.ch\/fr\/?s={search_term_string}"},"query-input":{"@type":"PropertyValueSpecification","valueRequired":true,"valueName":"search_term_string"}}],"inLanguage":"fr-FR"},{"@type":"Organization","@id":"https:\/\/www.onepilatesstudio.ch\/fr\/#organization","name":"ONE Pilates Studio","url":"https:\/\/www.onepilatesstudio.ch\/fr\/","logo":{"@type":"ImageObject","inLanguage":"fr-FR","@id":"https:\/\/www.onepilatesstudio.ch\/fr\/#\/schema\/logo\/image\/","url":"https:\/\/www.onepilatesstudio.ch\/wp-content\/uploads\/2020\/09\/ONE_Logo_gold_SM.png","contentUrl":"https:\/\/www.onepilatesstudio.ch\/wp-content\/uploads\/2020\/09\/ONE_Logo_gold_SM.png","width":512,"height":512,"caption":"ONE Pilates Studio"},"image":{"@id":"https:\/\/www.onepilatesstudio.ch\/fr\/#\/schema\/logo\/image\/"}},{"@type":"Person","@id":"https:\/\/www.onepilatesstudio.ch\/fr\/#\/schema\/person\/ea6a786c6aeab7e4b6958a302f39e52d","name":"hugo547514758","image":{"@type":"ImageObject","inLanguage":"fr-FR","@id":"https:\/\/www.onepilatesstudio.ch\/fr\/#\/schema\/person\/image\/","url":"https:\/\/secure.gravatar.com\/avatar\/d87ef4a767937765aeef6e863baf8b342702e7578379f0b771077accda9142b8?s=96&d=mm&r=g","contentUrl":"https:\/\/secure.gravatar.com\/avatar\/d87ef4a767937765aeef6e863baf8b342702e7578379f0b771077accda9142b8?s=96&d=mm&r=g","caption":"hugo547514758"},"sameAs":["https:\/\/onepilatesstudio.ch"],"url":"https:\/\/www.onepilatesstudio.ch\/fr\/author\/hugo547514758\/"}]}},"_links":{"self":[{"href":"https:\/\/www.onepilatesstudio.ch\/fr\/wp-json\/wp\/v2\/posts\/1641","targetHints":{"allow":["GET"]}}],"collection":[{"href":"https:\/\/www.onepilatesstudio.ch\/fr\/wp-json\/wp\/v2\/posts"}],"about":[{"href":"https:\/\/www.onepilatesstudio.ch\/fr\/wp-json\/wp\/v2\/types\/post"}],"author":[{"embeddable":true,"href":"https:\/\/www.onepilatesstudio.ch\/fr\/wp-json\/wp\/v2\/users\/1"}],"replies":[{"embeddable":true,"href":"https:\/\/www.onepilatesstudio.ch\/fr\/wp-json\/wp\/v2\/comments?post=1641"}],"version-history":[{"count":0,"href":"https:\/\/www.onepilatesstudio.ch\/fr\/wp-json\/wp\/v2\/posts\/1641\/revisions"}],"wp:featuredmedia":[{"embeddable":true,"href":"https:\/\/www.onepilatesstudio.ch\/fr\/wp-json\/wp\/v2\/media\/1973"}],"wp:attachment":[{"href":"https:\/\/www.onepilatesstudio.ch\/fr\/wp-json\/wp\/v2\/media?parent=1641"}],"wp:term":[{"taxonomy":"category","embeddable":true,"href":"https:\/\/www.onepilatesstudio.ch\/fr\/wp-json\/wp\/v2\/categories?post=1641"},{"taxonomy":"post_tag","embeddable":true,"href":"https:\/\/www.onepilatesstudio.ch\/fr\/wp-json\/wp\/v2\/tags?post=1641"}],"curies":[{"name":"wp","href":"https:\/\/api.w.org\/{rel}","templated":true}]}}